{"id":2479,"date":"2024-01-30T12:35:46","date_gmt":"2024-01-30T15:35:46","guid":{"rendered":"https:\/\/cqt.adv.br\/?p=2479"},"modified":"2025-10-16T15:00:58","modified_gmt":"2025-10-16T18:00:58","slug":"case-stj-valida-testamento-particular-e-afasta-uma-exigencia-nao-legal-de-ratificacao-do-seu-conteudo-por-testemunhas-em-juizo","status":"publish","type":"post","link":"https:\/\/cqtd.adv.br\/en\/case-stj-valida-testamento-particular-e-afasta-uma-exigencia-nao-legal-de-ratificacao-do-seu-conteudo-por-testemunhas-em-juizo\/","title":{"rendered":"Case: STJ valida testamento particular e afasta uma exig\u00eancia \u2018n\u00e3o legal\u2019 de ratifica\u00e7\u00e3o do seu conte\u00fado por testemunhas em ju\u00edzo"},"content":{"rendered":"<p>O CQT ADVOGADOS obteve uma importante vit\u00f3ria no Superior Tribunal de Justi\u00e7a, validando as disposi\u00e7\u00f5es de um testamento particular, firmado em vida pela testadora e que destinava uma fra\u00e7\u00e3o maior do patrim\u00f4nio, para um dos seus tr\u00eas filhos, em detrimento dos demais sucessores.<\/p>\n<p>A vit\u00f3ria \u00e9 importante, pois, valida um instrumento que \u00e9 pouco utilizado e at\u00e9 mesmo desconhecido por alguns operadores do direito, vigente em nosso ordenamento jur\u00eddico e que simplifica a ordena\u00e7\u00e3o da sucess\u00e3o e a manifesta\u00e7\u00e3o de \u00faltima vontade do testador.<\/p>\n<p>Ainda impera na cabe\u00e7a de alguns operadores do direito, uma falsa percep\u00e7\u00e3o de que apenas os codicilos (bens de pouca monta e disposi\u00e7\u00f5es sobre enterro) podem ser tratados em escrito particular, quando, na verdade, o patrim\u00f4nio substancial do testador tamb\u00e9m pode ser tratado e testado em escrito particular, desde que respeitados legais e as regras da leg\u00edtima.<\/p>\n<p>No caso em apre\u00e7o, a ministra NANCY ANDRIGHI afastou o entendimento do Tribunal de Justi\u00e7a de S\u00e3o Paulo e anterior senten\u00e7a proferida pelo magistrado de primeira inst\u00e2ncia, por entender que a ratifica\u00e7\u00e3o do conte\u00fado do testamento particular em ju\u00edzo, pelas suas testemunhas, n\u00e3o \u00e9 requisito para a valida\u00e7\u00e3o do ato; flexibilizando uma formalidade exacerbada do Judici\u00e1rio.<\/p>\n<p>Dada a relev\u00e2ncia da mat\u00e9ria e vit\u00f3ria alcan\u00e7ada pelo time do CQT ADVOGADOS, o julgamento foi divulgado em diversos sites especializados, como o IBDFAM e o MIGALHAS e enviado \u00e0 assessoria de imprensa do STJ, para igual veicula\u00e7\u00e3o, pelo ministro MOURA RIBEIRO, que acompanhou o voto da relatora do recurso, a ministra NANCY ANDRIGHI.<\/p>\n<p>O julgamento \u00e9 importante, pois, preserva as disposi\u00e7\u00f5es de \u00faltima vontade do testador e traz ainda mais seguran\u00e7a para a aplica\u00e7\u00e3o de um instrumento pouco conhecido e que pode ser utilizado em situa\u00e7\u00f5es de planejamento sucess\u00f3rio, tema sens\u00edvel e que vem ganhando cada vez mais aten\u00e7\u00e3o, em virtude da reforma tribut\u00e1ria e das recentes not\u00edcias de uma poss\u00edvel altera\u00e7\u00e3o e majora\u00e7\u00e3o da al\u00edquota do ITCMD (imposto de transmiss\u00e3o causa mortis e doa\u00e7\u00e3o).<\/p>\n<p>Para que o testamento particular seja v\u00e1lido e n\u00e3o seja objeto de uma futura disputa entre os herdeiros, \u00e9 essencial a assessoria de um advogado especializado e que domine a mat\u00e9ria. Dessa forma, os requisitos legais podem ser devidamente registrados e observados com aten\u00e7\u00e3o.<\/p>\n<p>O Superior Tribunal de Justi\u00e7a destacou o caso e voc\u00ea pode conferir <a href=\"https:\/\/www.stj.jus.br\/sites\/portalp\/Paginas\/Comunicacao\/Noticias\/2024\/08012024-Corte-reforma-decisao-que-invalidou-testamento-apos-testemunhas-nao-confirmarem-alguns-de-seus-elementos.aspx\"><strong>aqui<\/strong>.<\/a><\/p>\n<p>Ou, ainda, na p\u00e1gina do Instituto Brasileiro de Direito da Fam\u00edlia (IBDFAM), <strong><a href=\"https:\/\/ibdfam.org.br\/noticias\/11449\">aqui<\/a><\/strong>.<\/p>\n<p>E no portal do Migalhas, <a href=\"https:\/\/www.migalhas.com.br\/amp\/quentes\/399989\/stj-valida-testamento-com-elementos-nao-confirmados-por-testemunhas\"><strong>aqui<\/strong><\/a>.<\/p>\n","protected":false},"excerpt":{"rendered":"<p>O CQT ADVOGADOS obteve uma importante vit\u00f3ria no Superior Tribunal de Justi\u00e7a, validando as disposi\u00e7\u00f5es de um testamento particular, [&hellip;]<\/p>\n","protected":false},"author":1,"featured_media":3666,"comment_status":"closed","ping_status":"closed","sticky":false,"template":"","format":"standard","meta":{"_acf_changed":false,"footnotes":""},"categories":[10],"class_list":["post-2479","post","type-post","status-publish","format-standard","has-post-thumbnail","hentry","category-cqt-na-midia"],"acf":[],"yoast_head":"<!-- This site is optimized with the Yoast SEO plugin v27.4 - https:\/\/yoast.com\/product\/yoast-seo-wordpress\/ -->\n<title>Case: STJ valida testamento particular e afasta uma exig\u00eancia \u2018n\u00e3o legal\u2019 de ratifica\u00e7\u00e3o do seu conte\u00fado por testemunhas em ju\u00edzo - CQTD<\/title>\n<meta name=\"description\" content=\"STJ valida testamento particular e afastauma exig\u00eancia \u2018n\u00e3o legal\u2019 de ratifica\u00e7\u00e3odo seu conte\u00fado por testemunhas em ju\u00edzo\" \/>\n<meta name=\"robots\" content=\"index, follow, max-snippet:-1, max-image-preview:large, max-video-preview:-1\" \/>\n<link rel=\"canonical\" href=\"https:\/\/cqtd.adv.br\/en\/case-stj-valida-testamento-particular-e-afasta-uma-exigencia-nao-legal-de-ratificacao-do-seu-conteudo-por-testemunhas-em-juizo\/\" \/>\n<meta property=\"og:locale\" content=\"en_US\" \/>\n<meta property=\"og:type\" content=\"article\" \/>\n<meta property=\"og:title\" content=\"Case: STJ valida testamento particular e afasta uma exig\u00eancia \u2018n\u00e3o legal\u2019 de ratifica\u00e7\u00e3o do seu conte\u00fado por testemunhas em ju\u00edzo - CQTD\" \/>\n<meta property=\"og:description\" content=\"STJ valida testamento particular e afastauma exig\u00eancia \u2018n\u00e3o legal\u2019 de ratifica\u00e7\u00e3odo seu conte\u00fado por testemunhas em ju\u00edzo\" \/>\n<meta property=\"og:url\" content=\"https:\/\/cqtd.adv.br\/en\/case-stj-valida-testamento-particular-e-afasta-uma-exigencia-nao-legal-de-ratificacao-do-seu-conteudo-por-testemunhas-em-juizo\/\" \/>\n<meta property=\"og:site_name\" content=\"CQTD\" \/>\n<meta property=\"article:publisher\" content=\"https:\/\/www.facebook.com\/profile.php?id=100093269561156\" \/>\n<meta property=\"article:published_time\" content=\"2024-01-30T15:35:46+00:00\" \/>\n<meta property=\"article:modified_time\" content=\"2025-10-16T18:00:58+00:00\" \/>\n<meta property=\"og:image\" content=\"https:\/\/cqtd.adv.br\/wp-content\/uploads\/2024\/01\/Site-Imagens-828-x-513-px-1-768x476-4.png\" \/>\n\t<meta property=\"og:image:width\" content=\"768\" \/>\n\t<meta property=\"og:image:height\" content=\"476\" \/>\n\t<meta property=\"og:image:type\" content=\"image\/png\" \/>\n<meta name=\"author\" content=\"admin\" \/>\n<meta name=\"twitter:card\" content=\"summary_large_image\" \/>\n<meta name=\"twitter:label1\" content=\"Written by\" \/>\n\t<meta name=\"twitter:data1\" content=\"admin\" \/>\n\t<meta name=\"twitter:label2\" content=\"Est. reading time\" \/>\n\t<meta name=\"twitter:data2\" content=\"3 minutes\" \/>\n<script type=\"application\/ld+json\" class=\"yoast-schema-graph\">{\"@context\":\"https:\\\/\\\/schema.org\",\"@graph\":[{\"@type\":\"Article\",\"@id\":\"https:\\\/\\\/cqtd.adv.br\\\/case-stj-valida-testamento-particular-e-afasta-uma-exigencia-nao-legal-de-ratificacao-do-seu-conteudo-por-testemunhas-em-juizo\\\/#article\",\"isPartOf\":{\"@id\":\"https:\\\/\\\/cqtd.adv.br\\\/case-stj-valida-testamento-particular-e-afasta-uma-exigencia-nao-legal-de-ratificacao-do-seu-conteudo-por-testemunhas-em-juizo\\\/\"},\"author\":{\"name\":\"admin\",\"@id\":\"https:\\\/\\\/cqtd.adv.br\\\/#\\\/schema\\\/person\\\/75c03e54efebcacf9df3fa992507327a\"},\"headline\":\"Case: STJ valida testamento particular e afasta uma exig\u00eancia \u2018n\u00e3o legal\u2019 de ratifica\u00e7\u00e3o do seu conte\u00fado por testemunhas em ju\u00edzo\",\"datePublished\":\"2024-01-30T15:35:46+00:00\",\"dateModified\":\"2025-10-16T18:00:58+00:00\",\"mainEntityOfPage\":{\"@id\":\"https:\\\/\\\/cqtd.adv.br\\\/case-stj-valida-testamento-particular-e-afasta-uma-exigencia-nao-legal-de-ratificacao-do-seu-conteudo-por-testemunhas-em-juizo\\\/\"},\"wordCount\":473,\"publisher\":{\"@id\":\"https:\\\/\\\/cqtd.adv.br\\\/#organization\"},\"image\":{\"@id\":\"https:\\\/\\\/cqtd.adv.br\\\/case-stj-valida-testamento-particular-e-afasta-uma-exigencia-nao-legal-de-ratificacao-do-seu-conteudo-por-testemunhas-em-juizo\\\/#primaryimage\"},\"thumbnailUrl\":\"https:\\\/\\\/cqtd.adv.br\\\/wp-content\\\/uploads\\\/2024\\\/01\\\/Site-Imagens-828-x-513-px-1-768x476-4.png\",\"articleSection\":[\"CQTD na M\u00eddia\"],\"inLanguage\":\"en-US\"},{\"@type\":\"WebPage\",\"@id\":\"https:\\\/\\\/cqtd.adv.br\\\/en\\\/case-stj-valida-testamento-particular-e-afasta-uma-exigencia-nao-legal-de-ratificacao-do-seu-conteudo-por-testemunhas-em-juizo\\\/\",\"url\":\"https:\\\/\\\/cqtd.adv.br\\\/en\\\/case-stj-valida-testamento-particular-e-afasta-uma-exigencia-nao-legal-de-ratificacao-do-seu-conteudo-por-testemunhas-em-juizo\\\/\",\"name\":\"Case: STJ valida testamento particular e afasta uma exig\u00eancia \u2018n\u00e3o legal\u2019 de ratifica\u00e7\u00e3o do seu conte\u00fado por testemunhas em ju\u00edzo - CQTD\",\"isPartOf\":{\"@id\":\"https:\\\/\\\/cqtd.adv.br\\\/en\\\/#website\"},\"primaryImageOfPage\":{\"@id\":\"https:\\\/\\\/cqtd.adv.br\\\/en\\\/case-stj-valida-testamento-particular-e-afasta-uma-exigencia-nao-legal-de-ratificacao-do-seu-conteudo-por-testemunhas-em-juizo\\\/#primaryimage\"},\"image\":{\"@id\":\"https:\\\/\\\/cqtd.adv.br\\\/case-stj-valida-testamento-particular-e-afasta-uma-exigencia-nao-legal-de-ratificacao-do-seu-conteudo-por-testemunhas-em-juizo\\\/#primaryimage\"},\"thumbnailUrl\":\"https:\\\/\\\/cqtd.adv.br\\\/wp-content\\\/uploads\\\/2024\\\/01\\\/Site-Imagens-828-x-513-px-1-768x476-4.png\",\"datePublished\":\"2024-01-30T15:35:46+00:00\",\"dateModified\":\"2025-10-16T18:00:58+00:00\",\"description\":\"STJ valida testamento particular e afastauma exig\u00eancia \u2018n\u00e3o legal\u2019 de ratifica\u00e7\u00e3odo seu conte\u00fado por testemunhas em ju\u00edzo\",\"breadcrumb\":{\"@id\":\"https:\\\/\\\/cqtd.adv.br\\\/en\\\/case-stj-valida-testamento-particular-e-afasta-uma-exigencia-nao-legal-de-ratificacao-do-seu-conteudo-por-testemunhas-em-juizo\\\/#breadcrumb\"},\"inLanguage\":\"en-US\",\"potentialAction\":[{\"@type\":\"ReadAction\",\"target\":[[\"https:\\\/\\\/cqtd.adv.br\\\/en\\\/case-stj-valida-testamento-particular-e-afasta-uma-exigencia-nao-legal-de-ratificacao-do-seu-conteudo-por-testemunhas-em-juizo\\\/\"]]}]},{\"@type\":\"ImageObject\",\"inLanguage\":\"en-US\",\"@id\":\"https:\\\/\\\/cqtd.adv.br\\\/en\\\/case-stj-valida-testamento-particular-e-afasta-uma-exigencia-nao-legal-de-ratificacao-do-seu-conteudo-por-testemunhas-em-juizo\\\/#primaryimage\",\"url\":\"https:\\\/\\\/cqtd.adv.br\\\/wp-content\\\/uploads\\\/2024\\\/01\\\/Site-Imagens-828-x-513-px-1-768x476-4.png\",\"contentUrl\":\"https:\\\/\\\/cqtd.adv.br\\\/wp-content\\\/uploads\\\/2024\\\/01\\\/Site-Imagens-828-x-513-px-1-768x476-4.png\",\"width\":768,\"height\":476},{\"@type\":\"BreadcrumbList\",\"@id\":\"https:\\\/\\\/cqtd.adv.br\\\/en\\\/case-stj-valida-testamento-particular-e-afasta-uma-exigencia-nao-legal-de-ratificacao-do-seu-conteudo-por-testemunhas-em-juizo\\\/#breadcrumb\",\"itemListElement\":[{\"@type\":\"ListItem\",\"position\":1,\"name\":\"In\u00edcio\",\"item\":\"https:\\\/\\\/cqtd.adv.br\\\/en\\\/\"},{\"@type\":\"ListItem\",\"position\":2,\"name\":\"Case: STJ valida testamento particular e afasta uma exig\u00eancia \u2018n\u00e3o legal\u2019 de ratifica\u00e7\u00e3o do seu conte\u00fado por testemunhas em ju\u00edzo\"}]},{\"@type\":\"WebSite\",\"@id\":\"https:\\\/\\\/cqtd.adv.br\\\/en\\\/#website\",\"url\":\"https:\\\/\\\/cqtd.adv.br\\\/en\\\/\",\"name\":\"CQTD Advogados\",\"description\":\"\",\"publisher\":{\"@id\":\"https:\\\/\\\/cqtd.adv.br\\\/en\\\/#organization\"},\"potentialAction\":[{\"@type\":\"SearchAction\",\"target\":{\"@type\":\"EntryPoint\",\"urlTemplate\":\"https:\\\/\\\/cqtd.adv.br\\\/en\\\/?s={search_term_string}\"},\"query-input\":{\"@type\":\"PropertyValueSpecification\",\"valueRequired\":true,\"valueName\":\"search_term_string\"}}],\"inLanguage\":\"en-US\"},{\"@type\":\"Organization\",\"@id\":\"https:\\\/\\\/cqtd.adv.br\\\/en\\\/#organization\",\"name\":\"CQTD Advogados\",\"url\":\"https:\\\/\\\/cqtd.adv.br\\\/en\\\/\",\"logo\":{\"@type\":\"ImageObject\",\"inLanguage\":\"en-US\",\"@id\":\"https:\\\/\\\/cqtd.adv.br\\\/en\\\/#\\\/schema\\\/logo\\\/image\\\/\",\"url\":\"https:\\\/\\\/cqtd.adv.br\\\/wp-content\\\/uploads\\\/2025\\\/11\\\/500-x-400-px-4.png\",\"contentUrl\":\"https:\\\/\\\/cqtd.adv.br\\\/wp-content\\\/uploads\\\/2025\\\/11\\\/500-x-400-px-4.png\",\"width\":500,\"height\":400,\"caption\":\"CQTD Advogados\"},\"image\":{\"@id\":\"https:\\\/\\\/cqtd.adv.br\\\/en\\\/#\\\/schema\\\/logo\\\/image\\\/\"},\"sameAs\":[\"https:\\\/\\\/www.facebook.com\\\/profile.php?id=100093269561156\",\"https:\\\/\\\/www.instagram.com\\\/cqtdadv\\\/\",\"https:\\\/\\\/www.linkedin.com\\\/company\\\/cqt-advogados\\\/\"]},{\"@type\":\"Person\",\"@id\":\"https:\\\/\\\/cqtd.adv.br\\\/#\\\/schema\\\/person\\\/75c03e54efebcacf9df3fa992507327a\",\"name\":\"admin\",\"image\":{\"@type\":\"ImageObject\",\"inLanguage\":\"en-US\",\"@id\":\"https:\\\/\\\/secure.gravatar.com\\\/avatar\\\/c905ba65424bc99d600b3220e8713eaf72b4dd68497ef6722b4375ad88fd5817?s=96&d=mm&r=g\",\"url\":\"https:\\\/\\\/secure.gravatar.com\\\/avatar\\\/c905ba65424bc99d600b3220e8713eaf72b4dd68497ef6722b4375ad88fd5817?s=96&d=mm&r=g\",\"contentUrl\":\"https:\\\/\\\/secure.gravatar.com\\\/avatar\\\/c905ba65424bc99d600b3220e8713eaf72b4dd68497ef6722b4375ad88fd5817?s=96&d=mm&r=g\",\"caption\":\"admin\"},\"sameAs\":[\"https:\\\/\\\/cqtd.letsite.com.br\"],\"url\":\"https:\\\/\\\/cqtd.adv.br\\\/en\\\/author\\\/admin\\\/\"}]}<\/script>\n<!-- \/ Yoast SEO plugin. -->","yoast_head_json":{"title":"Case: STJ valida testamento particular e afasta uma exig\u00eancia \u2018n\u00e3o legal\u2019 de ratifica\u00e7\u00e3o do seu conte\u00fado por testemunhas em ju\u00edzo - CQTD","description":"STJ valida testamento particular e afastauma exig\u00eancia \u2018n\u00e3o legal\u2019 de ratifica\u00e7\u00e3odo seu conte\u00fado por testemunhas em ju\u00edzo","robots":{"index":"index","follow":"follow","max-snippet":"max-snippet:-1","max-image-preview":"max-image-preview:large","max-video-preview":"max-video-preview:-1"},"canonical":"https:\/\/cqtd.adv.br\/en\/case-stj-valida-testamento-particular-e-afasta-uma-exigencia-nao-legal-de-ratificacao-do-seu-conteudo-por-testemunhas-em-juizo\/","og_locale":"en_US","og_type":"article","og_title":"Case: STJ valida testamento particular e afasta uma exig\u00eancia \u2018n\u00e3o legal\u2019 de ratifica\u00e7\u00e3o do seu conte\u00fado por testemunhas em ju\u00edzo - CQTD","og_description":"STJ valida testamento particular e afastauma exig\u00eancia \u2018n\u00e3o legal\u2019 de ratifica\u00e7\u00e3odo seu conte\u00fado por testemunhas em ju\u00edzo","og_url":"https:\/\/cqtd.adv.br\/en\/case-stj-valida-testamento-particular-e-afasta-uma-exigencia-nao-legal-de-ratificacao-do-seu-conteudo-por-testemunhas-em-juizo\/","og_site_name":"CQTD","article_publisher":"https:\/\/www.facebook.com\/profile.php?id=100093269561156","article_published_time":"2024-01-30T15:35:46+00:00","article_modified_time":"2025-10-16T18:00:58+00:00","og_image":[{"width":768,"height":476,"url":"https:\/\/cqtd.adv.br\/wp-content\/uploads\/2024\/01\/Site-Imagens-828-x-513-px-1-768x476-4.png","type":"image\/png"}],"author":"admin","twitter_card":"summary_large_image","twitter_misc":{"Written by":"admin","Est. reading time":"3 minutes"},"schema":{"@context":"https:\/\/schema.org","@graph":[{"@type":"Article","@id":"https:\/\/cqtd.adv.br\/case-stj-valida-testamento-particular-e-afasta-uma-exigencia-nao-legal-de-ratificacao-do-seu-conteudo-por-testemunhas-em-juizo\/#article","isPartOf":{"@id":"https:\/\/cqtd.adv.br\/case-stj-valida-testamento-particular-e-afasta-uma-exigencia-nao-legal-de-ratificacao-do-seu-conteudo-por-testemunhas-em-juizo\/"},"author":{"name":"admin","@id":"https:\/\/cqtd.adv.br\/#\/schema\/person\/75c03e54efebcacf9df3fa992507327a"},"headline":"Case: STJ valida testamento particular e afasta uma exig\u00eancia \u2018n\u00e3o legal\u2019 de ratifica\u00e7\u00e3o do seu conte\u00fado por testemunhas em ju\u00edzo","datePublished":"2024-01-30T15:35:46+00:00","dateModified":"2025-10-16T18:00:58+00:00","mainEntityOfPage":{"@id":"https:\/\/cqtd.adv.br\/case-stj-valida-testamento-particular-e-afasta-uma-exigencia-nao-legal-de-ratificacao-do-seu-conteudo-por-testemunhas-em-juizo\/"},"wordCount":473,"publisher":{"@id":"https:\/\/cqtd.adv.br\/#organization"},"image":{"@id":"https:\/\/cqtd.adv.br\/case-stj-valida-testamento-particular-e-afasta-uma-exigencia-nao-legal-de-ratificacao-do-seu-conteudo-por-testemunhas-em-juizo\/#primaryimage"},"thumbnailUrl":"https:\/\/cqtd.adv.br\/wp-content\/uploads\/2024\/01\/Site-Imagens-828-x-513-px-1-768x476-4.png","articleSection":["CQTD na M\u00eddia"],"inLanguage":"en-US"},{"@type":"WebPage","@id":"https:\/\/cqtd.adv.br\/en\/case-stj-valida-testamento-particular-e-afasta-uma-exigencia-nao-legal-de-ratificacao-do-seu-conteudo-por-testemunhas-em-juizo\/","url":"https:\/\/cqtd.adv.br\/en\/case-stj-valida-testamento-particular-e-afasta-uma-exigencia-nao-legal-de-ratificacao-do-seu-conteudo-por-testemunhas-em-juizo\/","name":"Case: STJ valida testamento particular e afasta uma exig\u00eancia \u2018n\u00e3o legal\u2019 de ratifica\u00e7\u00e3o do seu conte\u00fado por testemunhas em ju\u00edzo - CQTD","isPartOf":{"@id":"https:\/\/cqtd.adv.br\/en\/#website"},"primaryImageOfPage":{"@id":"https:\/\/cqtd.adv.br\/en\/case-stj-valida-testamento-particular-e-afasta-uma-exigencia-nao-legal-de-ratificacao-do-seu-conteudo-por-testemunhas-em-juizo\/#primaryimage"},"image":{"@id":"https:\/\/cqtd.adv.br\/case-stj-valida-testamento-particular-e-afasta-uma-exigencia-nao-legal-de-ratificacao-do-seu-conteudo-por-testemunhas-em-juizo\/#primaryimage"},"thumbnailUrl":"https:\/\/cqtd.adv.br\/wp-content\/uploads\/2024\/01\/Site-Imagens-828-x-513-px-1-768x476-4.png","datePublished":"2024-01-30T15:35:46+00:00","dateModified":"2025-10-16T18:00:58+00:00","description":"STJ valida testamento particular e afastauma exig\u00eancia \u2018n\u00e3o legal\u2019 de ratifica\u00e7\u00e3odo seu conte\u00fado por testemunhas em ju\u00edzo","breadcrumb":{"@id":"https:\/\/cqtd.adv.br\/en\/case-stj-valida-testamento-particular-e-afasta-uma-exigencia-nao-legal-de-ratificacao-do-seu-conteudo-por-testemunhas-em-juizo\/#breadcrumb"},"inLanguage":"en-US","potentialAction":[{"@type":"ReadAction","target":[["https:\/\/cqtd.adv.br\/en\/case-stj-valida-testamento-particular-e-afasta-uma-exigencia-nao-legal-de-ratificacao-do-seu-conteudo-por-testemunhas-em-juizo\/"]]}]},{"@type":"ImageObject","inLanguage":"en-US","@id":"https:\/\/cqtd.adv.br\/en\/case-stj-valida-testamento-particular-e-afasta-uma-exigencia-nao-legal-de-ratificacao-do-seu-conteudo-por-testemunhas-em-juizo\/#primaryimage","url":"https:\/\/cqtd.adv.br\/wp-content\/uploads\/2024\/01\/Site-Imagens-828-x-513-px-1-768x476-4.png","contentUrl":"https:\/\/cqtd.adv.br\/wp-content\/uploads\/2024\/01\/Site-Imagens-828-x-513-px-1-768x476-4.png","width":768,"height":476},{"@type":"BreadcrumbList","@id":"https:\/\/cqtd.adv.br\/en\/case-stj-valida-testamento-particular-e-afasta-uma-exigencia-nao-legal-de-ratificacao-do-seu-conteudo-por-testemunhas-em-juizo\/#breadcrumb","itemListElement":[{"@type":"ListItem","position":1,"name":"In\u00edcio","item":"https:\/\/cqtd.adv.br\/en\/"},{"@type":"ListItem","position":2,"name":"Case: STJ valida testamento particular e afasta uma exig\u00eancia \u2018n\u00e3o legal\u2019 de ratifica\u00e7\u00e3o do seu conte\u00fado por testemunhas em ju\u00edzo"}]},{"@type":"WebSite","@id":"https:\/\/cqtd.adv.br\/en\/#website","url":"https:\/\/cqtd.adv.br\/en\/","name":"CQTD Advogados","description":"","publisher":{"@id":"https:\/\/cqtd.adv.br\/en\/#organization"},"potentialAction":[{"@type":"SearchAction","target":{"@type":"EntryPoint","urlTemplate":"https:\/\/cqtd.adv.br\/en\/?s={search_term_string}"},"query-input":{"@type":"PropertyValueSpecification","valueRequired":true,"valueName":"search_term_string"}}],"inLanguage":"en-US"},{"@type":"Organization","@id":"https:\/\/cqtd.adv.br\/en\/#organization","name":"CQTD Advogados","url":"https:\/\/cqtd.adv.br\/en\/","logo":{"@type":"ImageObject","inLanguage":"en-US","@id":"https:\/\/cqtd.adv.br\/en\/#\/schema\/logo\/image\/","url":"https:\/\/cqtd.adv.br\/wp-content\/uploads\/2025\/11\/500-x-400-px-4.png","contentUrl":"https:\/\/cqtd.adv.br\/wp-content\/uploads\/2025\/11\/500-x-400-px-4.png","width":500,"height":400,"caption":"CQTD Advogados"},"image":{"@id":"https:\/\/cqtd.adv.br\/en\/#\/schema\/logo\/image\/"},"sameAs":["https:\/\/www.facebook.com\/profile.php?id=100093269561156","https:\/\/www.instagram.com\/cqtdadv\/","https:\/\/www.linkedin.com\/company\/cqt-advogados\/"]},{"@type":"Person","@id":"https:\/\/cqtd.adv.br\/#\/schema\/person\/75c03e54efebcacf9df3fa992507327a","name":"admin","image":{"@type":"ImageObject","inLanguage":"en-US","@id":"https:\/\/secure.gravatar.com\/avatar\/c905ba65424bc99d600b3220e8713eaf72b4dd68497ef6722b4375ad88fd5817?s=96&d=mm&r=g","url":"https:\/\/secure.gravatar.com\/avatar\/c905ba65424bc99d600b3220e8713eaf72b4dd68497ef6722b4375ad88fd5817?s=96&d=mm&r=g","contentUrl":"https:\/\/secure.gravatar.com\/avatar\/c905ba65424bc99d600b3220e8713eaf72b4dd68497ef6722b4375ad88fd5817?s=96&d=mm&r=g","caption":"admin"},"sameAs":["https:\/\/cqtd.letsite.com.br"],"url":"https:\/\/cqtd.adv.br\/en\/author\/admin\/"}]}},"_links":{"self":[{"href":"https:\/\/cqtd.adv.br\/en\/wp-json\/wp\/v2\/posts\/2479","targetHints":{"allow":["GET"]}}],"collection":[{"href":"https:\/\/cqtd.adv.br\/en\/wp-json\/wp\/v2\/posts"}],"about":[{"href":"https:\/\/cqtd.adv.br\/en\/wp-json\/wp\/v2\/types\/post"}],"author":[{"embeddable":true,"href":"https:\/\/cqtd.adv.br\/en\/wp-json\/wp\/v2\/users\/1"}],"replies":[{"embeddable":true,"href":"https:\/\/cqtd.adv.br\/en\/wp-json\/wp\/v2\/comments?post=2479"}],"version-history":[{"count":1,"href":"https:\/\/cqtd.adv.br\/en\/wp-json\/wp\/v2\/posts\/2479\/revisions"}],"predecessor-version":[{"id":3509,"href":"https:\/\/cqtd.adv.br\/en\/wp-json\/wp\/v2\/posts\/2479\/revisions\/3509"}],"wp:featuredmedia":[{"embeddable":true,"href":"https:\/\/cqtd.adv.br\/en\/wp-json\/wp\/v2\/media\/3666"}],"wp:attachment":[{"href":"https:\/\/cqtd.adv.br\/en\/wp-json\/wp\/v2\/media?parent=2479"}],"wp:term":[{"taxonomy":"category","embeddable":true,"href":"https:\/\/cqtd.adv.br\/en\/wp-json\/wp\/v2\/categories?post=2479"}],"curies":[{"name":"wp","href":"https:\/\/api.w.org\/{rel}","templated":true}]}}